{"id":210520,"date":"2023-09-07T11:44:01","date_gmt":"2023-09-07T09:44:01","guid":{"rendered":"https:\/\/prod.croisieres.fr\/blog-voyage\/?p=210520"},"modified":"2023-09-07T11:44:01","modified_gmt":"2023-09-07T09:44:01","slug":"explora-journeys-mise-a-flot-explora-ii-debut-construction-explora-iii","status":"publish","type":"post","link":"https:\/\/www.croisieres.fr\/blog-voyage\/explora-journeys-mise-a-flot-explora-ii-debut-construction-explora-iii\/","title":{"rendered":"Explora Journeys c\u00e9l\u00e8bre la mise \u00e0 flot d\u2019EXPLORA II et le d\u00e9but de la construction d&rsquo;EXPLORA III"},"content":{"rendered":"\n<figure class=\"gb-block-image gb-block-image-ef4fd6cb\"><img fetchpriority=\"high\" decoding=\"async\" width=\"957\" height=\"588\" class=\"gb-image gb-image-ef4fd6cb\" src=\"https:\/\/www.croisieres.fr\/blog-voyage\/wp-content\/uploads\/2023\/09\/Explora-1.jpg\" alt=\"\" title=\"Explora-1\" srcset=\"https:\/\/www.croisieres.fr\/blog-voyage\/wp-content\/uploads\/2023\/09\/Explora-1.jpg 957w, https:\/\/www.croisieres.fr\/blog-voyage\/wp-content\/uploads\/2023\/09\/Explora-1-300x184.jpg 300w, https:\/\/www.croisieres.fr\/blog-voyage\/wp-content\/uploads\/2023\/09\/Explora-1-768x472.jpg 768w\" sizes=\"(max-width: 957px) 100vw, 957px\" \/><\/figure>\n\n\n\n<h2 class=\"wp-block-heading\"><br><strong>Lancement d&rsquo;EXPLORA II :<\/strong><\/h2>\n\n\n\n<p>Pr\u00e9vu pour l&rsquo;\u00e9t\u00e9 2024, <a href=\"https:\/\/www.croisieres.fr\/b-11222-explora-ii\" target=\"_blank\" data-type=\"URL\" data-id=\"https:\/\/www.croisieres.fr\/b-11222-explora-ii\" rel=\"noreferrer noopener\">EXPLORA II<\/a> a \u00e9t\u00e9 mis \u00e0 flot pour la premi\u00e8re fois le 6 septembre 2023. La croisi\u00e8re inaugurale du <em>sister-ship <\/em>d\u2019<a href=\"https:\/\/www.croisieres.fr\/b-11215-explora-i\" target=\"_blank\" data-type=\"URL\" data-id=\"https:\/\/www.croisieres.fr\/b-11215-explora-i\" rel=\"noreferrer noopener\">EXPLORA I<\/a> sillonnera des joyaux m\u00e9diterran\u00e9ens tels que Portofino, Rome et Palerme.<\/p>\n\n\n\n<h2 class=\"wp-block-heading\"><strong>D\u00e9but de la construction d&rsquo;EXPLORA III :<\/strong><\/h2>\n\n\n\n<p>Cette journ\u00e9e a \u00e9galement \u00e9t\u00e9 marqu\u00e9e par la c\u00e9r\u00e9monie de d\u00e9coupe de la premi\u00e8re t\u00f4le d\u2019EXPLORA III. Attendu pour l&rsquo;\u00e9t\u00e9 2026, ce sera le premier navire Explora propuls\u00e9 au GNL, carburant maritime le plus propre disponible \u00e0 grande \u00e9chelle.<\/p>\n\n\n\n<h2 class=\"wp-block-heading\"><strong>Vers des croisi\u00e8res plus \u00e9coresponsables :<\/strong><\/h2>\n\n\n\n<p>Tous les navires d&rsquo;Explora Journeys b\u00e9n\u00e9ficieront de technologies visant \u00e0 limiter leur empreinte \u00e9cologique&nbsp;: syst\u00e8mes de r\u00e9duction catalytique s\u00e9lective (SCR), alimentation \u00e0 quai, dispositifs de gestion du bruit sous-marin, \u00e9quipements \u00e9co\u00e9nerg\u00e9tiques pour optimiser les moteurs et diminuer les \u00e9missions&#8230;<\/p>\n\n\n\n<h2 class=\"wp-block-heading\"><strong>EXPLORA IV \u00e0 l&rsquo;horizon :<\/strong><\/h2>\n\n\n\n<p>Sa construction d\u00e9butera en janvier 2024 et il sera \u00e9galement aliment\u00e9 au GNL.<\/p>\n\n\n\n<figure class=\"gb-block-image gb-block-image-68f498e7\"><a href=\"https:\/\/www.croisieres.fr\/c-828-explora-journeys\" target=\"_blank\" rel=\"noopener noreferrer\"><img decoding=\"async\" width=\"2515\" height=\"574\" class=\"gb-image gb-image-68f498e7\" src=\"https:\/\/www.croisieres.fr\/blog-voyage\/wp-content\/uploads\/2023\/09\/CTA-Explora.jpg\" alt=\"\" title=\"CTA-Explora\" srcset=\"https:\/\/www.croisieres.fr\/blog-voyage\/wp-content\/uploads\/2023\/09\/CTA-Explora.jpg 2515w, https:\/\/www.croisieres.fr\/blog-voyage\/wp-content\/uploads\/2023\/09\/CTA-Explora-300x68.jpg 300w, https:\/\/www.croisieres.fr\/blog-voyage\/wp-content\/uploads\/2023\/09\/CTA-Explora-768x175.jpg 768w, https:\/\/www.croisieres.fr\/blog-voyage\/wp-content\/uploads\/2023\/09\/CTA-Explora-1536x351.jpg 1536w, https:\/\/www.croisieres.fr\/blog-voyage\/wp-content\/uploads\/2023\/09\/CTA-Explora-2048x467.jpg 2048w\" sizes=\"(max-width: 2515px) 100vw, 2515px\" \/><\/a><\/figure>\n","protected":false},"excerpt":{"rendered":"<p>EXPLORA II, pr\u00e9vu pour l&rsquo;\u00e9t\u00e9 2024, a \u00e9t\u00e9 mis \u00e0 flot pour la premi\u00e8re fois le 6 septembre 2023. Cette journ\u00e9e a \u00e9galement \u00e9t\u00e9 marqu\u00e9e par la c\u00e9r\u00e9monie de d\u00e9coupe de la premi\u00e8re t\u00f4le d\u2019EXPLORA III, premier navire Explora propuls\u00e9 au GNL, attendu pour l&rsquo;\u00e9t\u00e9 2026.<\/p>\n","protected":false},"author":7,"featured_media":210521,"comment_status":"open","ping_status":"closed","sticky":false,"template":"","format":"standard","meta":{"footnotes":""},"categories":[1431,641,1077],"tags":[1088,1031,1023],"class_list":["post-210520","post","type-post","status-publish","format-standard","has-post-thumbnail","hentry","category-articles","category-ecoresponsable","category-explora-journeys","tag-compagnie-explora-journeys","tag-ecoresponsable","tag-esg"],"featured_image_src":"https:\/\/www.croisieres.fr\/blog-voyage\/wp-content\/uploads\/2023\/09\/Explora.jpg","author_info":{"display_name":"Arthur","author_link":"https:\/\/www.croisieres.fr\/blog-voyage\/author\/admin\/"},"yoast_head":"<!-- This site is optimized with the Yoast SEO plugin v27.3 - https:\/\/yoast.com\/product\/yoast-seo-wordpress\/ -->\n<title>Explora Journeys c\u00e9l\u00e8bre la mise \u00e0 flot d\u2019EXPLORA II et le d\u00e9but de la construction d&#039;EXPLORA III - Le Blog de Croisieres.fr - L&#039;actualit\u00e9 croisi\u00e8re en 2026<\/title>\n<meta name=\"description\" content=\"Explora Journeys c\u00e9l\u00e8bre la mise \u00e0 flot d\u2019EXPLORA II et le d\u00e9but de la construction d&#039;EXPLORA III\" \/>\n<meta name=\"robots\" content=\"index, follow, max-snippet:-1, max-image-preview:large, max-video-preview:-1\" \/>\n<link rel=\"canonical\" href=\"https:\/\/www.croisieres.fr\/blog-voyage\/explora-journeys-mise-a-flot-explora-ii-debut-construction-explora-iii\/\" \/>\n<meta property=\"og:locale\" content=\"fr_FR\" \/>\n<meta property=\"og:type\" content=\"article\" \/>\n<meta property=\"og:title\" content=\"Explora Journeys c\u00e9l\u00e8bre la mise \u00e0 flot d\u2019EXPLORA II et le d\u00e9but de la construction d&#039;EXPLORA III - Le Blog de Croisieres.fr - L&#039;actualit\u00e9 croisi\u00e8re en 2026\" \/>\n<meta property=\"og:description\" content=\"Explora Journeys c\u00e9l\u00e8bre la mise \u00e0 flot d\u2019EXPLORA II et le d\u00e9but de la construction d&#039;EXPLORA III\" \/>\n<meta property=\"og:url\" content=\"https:\/\/www.croisieres.fr\/blog-voyage\/explora-journeys-mise-a-flot-explora-ii-debut-construction-explora-iii\/\" \/>\n<meta property=\"og:site_name\" content=\"Le Blog de Croisieres.fr - L&#039;actualit\u00e9 croisi\u00e8re en 2026\" \/>\n<meta property=\"article:published_time\" content=\"2023-09-07T09:44:01+00:00\" \/>\n<meta property=\"og:image\" content=\"https:\/\/www.croisieres.fr\/blog-voyage\/wp-content\/uploads\/2023\/09\/Explora.jpg\" \/>\n\t<meta property=\"og:image:width\" content=\"957\" \/>\n\t<meta property=\"og:image:height\" content=\"588\" \/>\n\t<meta property=\"og:image:type\" content=\"image\/jpeg\" \/>\n<meta name=\"author\" content=\"Arthur\" \/>\n<meta name=\"twitter:card\" content=\"summary_large_image\" \/>\n<meta name=\"twitter:creator\" content=\"@pcorrenti\" \/>\n<meta name=\"twitter:label1\" content=\"\u00c9crit par\" \/>\n\t<meta name=\"twitter:data1\" content=\"Arthur\" \/>\n\t<meta name=\"twitter:label2\" content=\"Dur\u00e9e de lecture estim\u00e9e\" \/>\n\t<meta name=\"twitter:data2\" content=\"1 minute\" \/>\n<script type=\"application\/ld+json\" class=\"yoast-schema-graph\">{\"@context\":\"https:\\\/\\\/schema.org\",\"@graph\":[{\"@type\":\"Article\",\"@id\":\"https:\\\/\\\/www.croisieres.fr\\\/blog-voyage\\\/explora-journeys-mise-a-flot-explora-ii-debut-construction-explora-iii\\\/#article\",\"isPartOf\":{\"@id\":\"https:\\\/\\\/www.croisieres.fr\\\/blog-voyage\\\/explora-journeys-mise-a-flot-explora-ii-debut-construction-explora-iii\\\/\"},\"author\":{\"name\":\"Arthur\",\"@id\":\"https:\\\/\\\/www.croisieres.fr\\\/blog-voyage\\\/#\\\/schema\\\/person\\\/e541c3a6f8fc82a75b255980dc6fb5fc\"},\"headline\":\"Explora Journeys c\u00e9l\u00e8bre la mise \u00e0 flot d\u2019EXPLORA II et le d\u00e9but de la construction d&rsquo;EXPLORA III\",\"datePublished\":\"2023-09-07T09:44:01+00:00\",\"mainEntityOfPage\":{\"@id\":\"https:\\\/\\\/www.croisieres.fr\\\/blog-voyage\\\/explora-journeys-mise-a-flot-explora-ii-debut-construction-explora-iii\\\/\"},\"wordCount\":187,\"commentCount\":0,\"image\":{\"@id\":\"https:\\\/\\\/www.croisieres.fr\\\/blog-voyage\\\/explora-journeys-mise-a-flot-explora-ii-debut-construction-explora-iii\\\/#primaryimage\"},\"thumbnailUrl\":\"https:\\\/\\\/www.croisieres.fr\\\/blog-voyage\\\/wp-content\\\/uploads\\\/2023\\\/09\\\/Explora.jpg\",\"keywords\":[\"compagnie explora journeys\",\"ecoresponsable\",\"esg\"],\"articleSection\":[\"Articles\",\"Croisi\u00e8res \u00e9coresponsables\",\"Explora Journeys\"],\"inLanguage\":\"fr-FR\",\"potentialAction\":[{\"@type\":\"CommentAction\",\"name\":\"Comment\",\"target\":[\"https:\\\/\\\/www.croisieres.fr\\\/blog-voyage\\\/explora-journeys-mise-a-flot-explora-ii-debut-construction-explora-iii\\\/#respond\"]}]},{\"@type\":\"WebPage\",\"@id\":\"https:\\\/\\\/www.croisieres.fr\\\/blog-voyage\\\/explora-journeys-mise-a-flot-explora-ii-debut-construction-explora-iii\\\/\",\"url\":\"https:\\\/\\\/www.croisieres.fr\\\/blog-voyage\\\/explora-journeys-mise-a-flot-explora-ii-debut-construction-explora-iii\\\/\",\"name\":\"Explora Journeys c\u00e9l\u00e8bre la mise \u00e0 flot d\u2019EXPLORA II et le d\u00e9but de la construction d'EXPLORA III - Le Blog de Croisieres.fr - L&#039;actualit\u00e9 croisi\u00e8re en 2026\",\"isPartOf\":{\"@id\":\"https:\\\/\\\/www.croisieres.fr\\\/blog-voyage\\\/#website\"},\"primaryImageOfPage\":{\"@id\":\"https:\\\/\\\/www.croisieres.fr\\\/blog-voyage\\\/explora-journeys-mise-a-flot-explora-ii-debut-construction-explora-iii\\\/#primaryimage\"},\"image\":{\"@id\":\"https:\\\/\\\/www.croisieres.fr\\\/blog-voyage\\\/explora-journeys-mise-a-flot-explora-ii-debut-construction-explora-iii\\\/#primaryimage\"},\"thumbnailUrl\":\"https:\\\/\\\/www.croisieres.fr\\\/blog-voyage\\\/wp-content\\\/uploads\\\/2023\\\/09\\\/Explora.jpg\",\"datePublished\":\"2023-09-07T09:44:01+00:00\",\"author\":{\"@id\":\"https:\\\/\\\/www.croisieres.fr\\\/blog-voyage\\\/#\\\/schema\\\/person\\\/e541c3a6f8fc82a75b255980dc6fb5fc\"},\"description\":\"Explora Journeys c\u00e9l\u00e8bre la mise \u00e0 flot d\u2019EXPLORA II et le d\u00e9but de la construction d'EXPLORA III\",\"breadcrumb\":{\"@id\":\"https:\\\/\\\/www.croisieres.fr\\\/blog-voyage\\\/explora-journeys-mise-a-flot-explora-ii-debut-construction-explora-iii\\\/#breadcrumb\"},\"inLanguage\":\"fr-FR\",\"potentialAction\":[{\"@type\":\"ReadAction\",\"target\":[\"https:\\\/\\\/www.croisieres.fr\\\/blog-voyage\\\/explora-journeys-mise-a-flot-explora-ii-debut-construction-explora-iii\\\/\"]}]},{\"@type\":\"ImageObject\",\"inLanguage\":\"fr-FR\",\"@id\":\"https:\\\/\\\/www.croisieres.fr\\\/blog-voyage\\\/explora-journeys-mise-a-flot-explora-ii-debut-construction-explora-iii\\\/#primaryimage\",\"url\":\"https:\\\/\\\/www.croisieres.fr\\\/blog-voyage\\\/wp-content\\\/uploads\\\/2023\\\/09\\\/Explora.jpg\",\"contentUrl\":\"https:\\\/\\\/www.croisieres.fr\\\/blog-voyage\\\/wp-content\\\/uploads\\\/2023\\\/09\\\/Explora.jpg\",\"width\":957,\"height\":588},{\"@type\":\"BreadcrumbList\",\"@id\":\"https:\\\/\\\/www.croisieres.fr\\\/blog-voyage\\\/explora-journeys-mise-a-flot-explora-ii-debut-construction-explora-iii\\\/#breadcrumb\",\"itemListElement\":[{\"@type\":\"ListItem\",\"position\":1,\"name\":\"Home\",\"item\":\"https:\\\/\\\/www.croisieres.fr\\\/blog-voyage\\\/\"},{\"@type\":\"ListItem\",\"position\":2,\"name\":\"Actualit\u00e9 de la croisi\u00e8re\",\"item\":\"https:\\\/\\\/www.croisieres.fr\\\/blog-voyage\\\/actualites-croisiere\\\/\"},{\"@type\":\"ListItem\",\"position\":3,\"name\":\"Explora Journeys\",\"item\":\"https:\\\/\\\/www.croisieres.fr\\\/blog-voyage\\\/actualites-croisiere\\\/explora-journeys\\\/\"},{\"@type\":\"ListItem\",\"position\":4,\"name\":\"Explora Journeys c\u00e9l\u00e8bre la mise \u00e0 flot d\u2019EXPLORA II et le d\u00e9but de la construction d&rsquo;EXPLORA III\"}]},{\"@type\":\"WebSite\",\"@id\":\"https:\\\/\\\/www.croisieres.fr\\\/blog-voyage\\\/#website\",\"url\":\"https:\\\/\\\/www.croisieres.fr\\\/blog-voyage\\\/\",\"name\":\"Le Blog de Croisieres.fr - L'actualit\u00e9 croisi\u00e8re en 2026\",\"description\":\"\",\"potentialAction\":[{\"@type\":\"SearchAction\",\"target\":{\"@type\":\"EntryPoint\",\"urlTemplate\":\"https:\\\/\\\/www.croisieres.fr\\\/blog-voyage\\\/?s={search_term_string}\"},\"query-input\":{\"@type\":\"PropertyValueSpecification\",\"valueRequired\":true,\"valueName\":\"search_term_string\"}}],\"inLanguage\":\"fr-FR\"},{\"@type\":\"Person\",\"@id\":\"https:\\\/\\\/www.croisieres.fr\\\/blog-voyage\\\/#\\\/schema\\\/person\\\/e541c3a6f8fc82a75b255980dc6fb5fc\",\"name\":\"Arthur\",\"image\":{\"@type\":\"ImageObject\",\"inLanguage\":\"fr-FR\",\"@id\":\"https:\\\/\\\/secure.gravatar.com\\\/avatar\\\/c06d827a2698b6a73dd6319c8bcc648ad8d1372c1f2034dede8e3ca43bff5af8?s=96&d=mm&r=g\",\"url\":\"https:\\\/\\\/secure.gravatar.com\\\/avatar\\\/c06d827a2698b6a73dd6319c8bcc648ad8d1372c1f2034dede8e3ca43bff5af8?s=96&d=mm&r=g\",\"contentUrl\":\"https:\\\/\\\/secure.gravatar.com\\\/avatar\\\/c06d827a2698b6a73dd6319c8bcc648ad8d1372c1f2034dede8e3ca43bff5af8?s=96&d=mm&r=g\",\"caption\":\"Arthur\"},\"sameAs\":[\"https:\\\/\\\/x.com\\\/pcorrenti\"]}]}<\/script>\n<!-- \/ Yoast SEO plugin. -->","yoast_head_json":{"title":"Explora Journeys c\u00e9l\u00e8bre la mise \u00e0 flot d\u2019EXPLORA II et le d\u00e9but de la construction d'EXPLORA III - Le Blog de Croisieres.fr - L&#039;actualit\u00e9 croisi\u00e8re en 2026","description":"Explora Journeys c\u00e9l\u00e8bre la mise \u00e0 flot d\u2019EXPLORA II et le d\u00e9but de la construction d'EXPLORA III","robots":{"index":"index","follow":"follow","max-snippet":"max-snippet:-1","max-image-preview":"max-image-preview:large","max-video-preview":"max-video-preview:-1"},"canonical":"https:\/\/www.croisieres.fr\/blog-voyage\/explora-journeys-mise-a-flot-explora-ii-debut-construction-explora-iii\/","og_locale":"fr_FR","og_type":"article","og_title":"Explora Journeys c\u00e9l\u00e8bre la mise \u00e0 flot d\u2019EXPLORA II et le d\u00e9but de la construction d'EXPLORA III - Le Blog de Croisieres.fr - L&#039;actualit\u00e9 croisi\u00e8re en 2026","og_description":"Explora Journeys c\u00e9l\u00e8bre la mise \u00e0 flot d\u2019EXPLORA II et le d\u00e9but de la construction d'EXPLORA III","og_url":"https:\/\/www.croisieres.fr\/blog-voyage\/explora-journeys-mise-a-flot-explora-ii-debut-construction-explora-iii\/","og_site_name":"Le Blog de Croisieres.fr - L&#039;actualit\u00e9 croisi\u00e8re en 2026","article_published_time":"2023-09-07T09:44:01+00:00","og_image":[{"width":957,"height":588,"url":"https:\/\/www.croisieres.fr\/blog-voyage\/wp-content\/uploads\/2023\/09\/Explora.jpg","type":"image\/jpeg"}],"author":"Arthur","twitter_card":"summary_large_image","twitter_creator":"@pcorrenti","twitter_misc":{"\u00c9crit par":"Arthur","Dur\u00e9e de lecture estim\u00e9e":"1 minute"},"schema":{"@context":"https:\/\/schema.org","@graph":[{"@type":"Article","@id":"https:\/\/www.croisieres.fr\/blog-voyage\/explora-journeys-mise-a-flot-explora-ii-debut-construction-explora-iii\/#article","isPartOf":{"@id":"https:\/\/www.croisieres.fr\/blog-voyage\/explora-journeys-mise-a-flot-explora-ii-debut-construction-explora-iii\/"},"author":{"name":"Arthur","@id":"https:\/\/www.croisieres.fr\/blog-voyage\/#\/schema\/person\/e541c3a6f8fc82a75b255980dc6fb5fc"},"headline":"Explora Journeys c\u00e9l\u00e8bre la mise \u00e0 flot d\u2019EXPLORA II et le d\u00e9but de la construction d&rsquo;EXPLORA III","datePublished":"2023-09-07T09:44:01+00:00","mainEntityOfPage":{"@id":"https:\/\/www.croisieres.fr\/blog-voyage\/explora-journeys-mise-a-flot-explora-ii-debut-construction-explora-iii\/"},"wordCount":187,"commentCount":0,"image":{"@id":"https:\/\/www.croisieres.fr\/blog-voyage\/explora-journeys-mise-a-flot-explora-ii-debut-construction-explora-iii\/#primaryimage"},"thumbnailUrl":"https:\/\/www.croisieres.fr\/blog-voyage\/wp-content\/uploads\/2023\/09\/Explora.jpg","keywords":["compagnie explora journeys","ecoresponsable","esg"],"articleSection":["Articles","Croisi\u00e8res \u00e9coresponsables","Explora Journeys"],"inLanguage":"fr-FR","potentialAction":[{"@type":"CommentAction","name":"Comment","target":["https:\/\/www.croisieres.fr\/blog-voyage\/explora-journeys-mise-a-flot-explora-ii-debut-construction-explora-iii\/#respond"]}]},{"@type":"WebPage","@id":"https:\/\/www.croisieres.fr\/blog-voyage\/explora-journeys-mise-a-flot-explora-ii-debut-construction-explora-iii\/","url":"https:\/\/www.croisieres.fr\/blog-voyage\/explora-journeys-mise-a-flot-explora-ii-debut-construction-explora-iii\/","name":"Explora Journeys c\u00e9l\u00e8bre la mise \u00e0 flot d\u2019EXPLORA II et le d\u00e9but de la construction d'EXPLORA III - Le Blog de Croisieres.fr - L&#039;actualit\u00e9 croisi\u00e8re en 2026","isPartOf":{"@id":"https:\/\/www.croisieres.fr\/blog-voyage\/#website"},"primaryImageOfPage":{"@id":"https:\/\/www.croisieres.fr\/blog-voyage\/explora-journeys-mise-a-flot-explora-ii-debut-construction-explora-iii\/#primaryimage"},"image":{"@id":"https:\/\/www.croisieres.fr\/blog-voyage\/explora-journeys-mise-a-flot-explora-ii-debut-construction-explora-iii\/#primaryimage"},"thumbnailUrl":"https:\/\/www.croisieres.fr\/blog-voyage\/wp-content\/uploads\/2023\/09\/Explora.jpg","datePublished":"2023-09-07T09:44:01+00:00","author":{"@id":"https:\/\/www.croisieres.fr\/blog-voyage\/#\/schema\/person\/e541c3a6f8fc82a75b255980dc6fb5fc"},"description":"Explora Journeys c\u00e9l\u00e8bre la mise \u00e0 flot d\u2019EXPLORA II et le d\u00e9but de la construction d'EXPLORA III","breadcrumb":{"@id":"https:\/\/www.croisieres.fr\/blog-voyage\/explora-journeys-mise-a-flot-explora-ii-debut-construction-explora-iii\/#breadcrumb"},"inLanguage":"fr-FR","potentialAction":[{"@type":"ReadAction","target":["https:\/\/www.croisieres.fr\/blog-voyage\/explora-journeys-mise-a-flot-explora-ii-debut-construction-explora-iii\/"]}]},{"@type":"ImageObject","inLanguage":"fr-FR","@id":"https:\/\/www.croisieres.fr\/blog-voyage\/explora-journeys-mise-a-flot-explora-ii-debut-construction-explora-iii\/#primaryimage","url":"https:\/\/www.croisieres.fr\/blog-voyage\/wp-content\/uploads\/2023\/09\/Explora.jpg","contentUrl":"https:\/\/www.croisieres.fr\/blog-voyage\/wp-content\/uploads\/2023\/09\/Explora.jpg","width":957,"height":588},{"@type":"BreadcrumbList","@id":"https:\/\/www.croisieres.fr\/blog-voyage\/explora-journeys-mise-a-flot-explora-ii-debut-construction-explora-iii\/#breadcrumb","itemListElement":[{"@type":"ListItem","position":1,"name":"Home","item":"https:\/\/www.croisieres.fr\/blog-voyage\/"},{"@type":"ListItem","position":2,"name":"Actualit\u00e9 de la croisi\u00e8re","item":"https:\/\/www.croisieres.fr\/blog-voyage\/actualites-croisiere\/"},{"@type":"ListItem","position":3,"name":"Explora Journeys","item":"https:\/\/www.croisieres.fr\/blog-voyage\/actualites-croisiere\/explora-journeys\/"},{"@type":"ListItem","position":4,"name":"Explora Journeys c\u00e9l\u00e8bre la mise \u00e0 flot d\u2019EXPLORA II et le d\u00e9but de la construction d&rsquo;EXPLORA III"}]},{"@type":"WebSite","@id":"https:\/\/www.croisieres.fr\/blog-voyage\/#website","url":"https:\/\/www.croisieres.fr\/blog-voyage\/","name":"Le Blog de Croisieres.fr - L'actualit\u00e9 croisi\u00e8re en 2026","description":"","potentialAction":[{"@type":"SearchAction","target":{"@type":"EntryPoint","urlTemplate":"https:\/\/www.croisieres.fr\/blog-voyage\/?s={search_term_string}"},"query-input":{"@type":"PropertyValueSpecification","valueRequired":true,"valueName":"search_term_string"}}],"inLanguage":"fr-FR"},{"@type":"Person","@id":"https:\/\/www.croisieres.fr\/blog-voyage\/#\/schema\/person\/e541c3a6f8fc82a75b255980dc6fb5fc","name":"Arthur","image":{"@type":"ImageObject","inLanguage":"fr-FR","@id":"https:\/\/secure.gravatar.com\/avatar\/c06d827a2698b6a73dd6319c8bcc648ad8d1372c1f2034dede8e3ca43bff5af8?s=96&d=mm&r=g","url":"https:\/\/secure.gravatar.com\/avatar\/c06d827a2698b6a73dd6319c8bcc648ad8d1372c1f2034dede8e3ca43bff5af8?s=96&d=mm&r=g","contentUrl":"https:\/\/secure.gravatar.com\/avatar\/c06d827a2698b6a73dd6319c8bcc648ad8d1372c1f2034dede8e3ca43bff5af8?s=96&d=mm&r=g","caption":"Arthur"},"sameAs":["https:\/\/x.com\/pcorrenti"]}]}},"_links":{"self":[{"href":"https:\/\/www.croisieres.fr\/blog-voyage\/wp-json\/wp\/v2\/posts\/210520","targetHints":{"allow":["GET"]}}],"collection":[{"href":"https:\/\/www.croisieres.fr\/blog-voyage\/wp-json\/wp\/v2\/posts"}],"about":[{"href":"https:\/\/www.croisieres.fr\/blog-voyage\/wp-json\/wp\/v2\/types\/post"}],"author":[{"embeddable":true,"href":"https:\/\/www.croisieres.fr\/blog-voyage\/wp-json\/wp\/v2\/users\/7"}],"replies":[{"embeddable":true,"href":"https:\/\/www.croisieres.fr\/blog-voyage\/wp-json\/wp\/v2\/comments?post=210520"}],"version-history":[{"count":0,"href":"https:\/\/www.croisieres.fr\/blog-voyage\/wp-json\/wp\/v2\/posts\/210520\/revisions"}],"wp:featuredmedia":[{"embeddable":true,"href":"https:\/\/www.croisieres.fr\/blog-voyage\/wp-json\/wp\/v2\/media\/210521"}],"wp:attachment":[{"href":"https:\/\/www.croisieres.fr\/blog-voyage\/wp-json\/wp\/v2\/media?parent=210520"}],"wp:term":[{"taxonomy":"category","embeddable":true,"href":"https:\/\/www.croisieres.fr\/blog-voyage\/wp-json\/wp\/v2\/categories?post=210520"},{"taxonomy":"post_tag","embeddable":true,"href":"https:\/\/www.croisieres.fr\/blog-voyage\/wp-json\/wp\/v2\/tags?post=210520"}],"curies":[{"name":"wp","href":"https:\/\/api.w.org\/{rel}","templated":true}]}}